{"id":546,"date":"2023-09-12T17:29:49","date_gmt":"2023-09-12T20:29:49","guid":{"rendered":"https:\/\/atacamas.cl\/atc\/?p=546"},"modified":"2023-09-12T17:29:49","modified_gmt":"2023-09-12T20:29:49","slug":"chanaral-fiscalia-formalizo-a-imputado-por-su-participacion-en-ocho-delitos","status":"publish","type":"post","link":"https:\/\/atacamas.cl\/atc\/chanaral-fiscalia-formalizo-a-imputado-por-su-participacion-en-ocho-delitos\/","title":{"rendered":"Cha\u00f1aral: Fiscal\u00eda formaliz\u00f3 a imputado por su participaci\u00f3n en ocho delitos"},"content":{"rendered":"\n<p>La Fiscal\u00eda de Atacama formaliz\u00f3 y obtuvo la prisi\u00f3n preventiva de un imputado detenido en Cha\u00f1aral por su participaci\u00f3n en distintos delitos, hechos que fueron indagados por la Fiscal\u00eda Local de esta ciudad.<\/p>\n\n\n\n<p>De acuerdo con los antecedentes argumentados en la audiencia por el fiscal jefe de esta comuna, Marco Arenas Zeballos, la actuaci\u00f3n delictual del imputado de 19 a\u00f1os registra participaci\u00f3n en il\u00edcitos desde el mes de septiembre del a\u00f1o pasado, ocasi\u00f3n en que fue detenido a bordo de un veh\u00edculo que manten\u00eda encargo por robo. Hecho por el cual ya fueron condenados otros dos imputados. \u201cLos antecedentes que logr\u00f3 reunir la Fiscal\u00eda junto al dedicado trabajo de la Secci\u00f3n de Investigaci\u00f3n Policial (SIP) de Carabineros, ubican al detenido en cada uno de los delitos indagados, comenzando por tres ocurridos el a\u00f1o pasado. Dos de ellos por robos en lugar habitado y otro por receptaci\u00f3n\u201d, indic\u00f3 el fiscal.<\/p>\n\n\n\n<p>En la audiencia se conoci\u00f3 adem\u00e1s que el imputado cometi\u00f3 el delito de da\u00f1os en contra de un vecino de esta ciudad, luego que con una piedra rompiera el vidrio del auto de la v\u00edctima.<\/p>\n\n\n\n<p>La investigaci\u00f3n de la Fiscal\u00eda determin\u00f3 tambi\u00e9n que en julio de este a\u00f1o el detenido condujo un auto rumbo a la comuna de Caldera, el que hab\u00eda sido robado horas antes.<\/p>\n\n\n\n<p>En esta din\u00e1mica el involucrado, junto a un menor de 16 a\u00f1os, a fin de jactarse del delito cometido, grab\u00f3 un video para luego subirlo a redes sociales, im\u00e1genes en que se advierte que en su mano izquierda usaba un reloj de propiedad de la due\u00f1a del veh\u00edculo.<\/p>\n\n\n\n<p>Finalmente, el imputado fue detenido por personal de Carabineros la madrugada de este martes luego de eludir un control policial en la ruta 5 Norte, ocasi\u00f3n en que nuevamente conduc\u00eda un auto que manten\u00eda encargo por robo. Procedimiento en que agredi\u00f3 a un funcionario policial y se encontr\u00f3 droga en su poder.<\/p>\n\n\n\n<p>DELITOS<\/p>\n\n\n\n<p>Por todos estos hechos, la Fiscal\u00eda present\u00f3 cargos en su contra por su participaci\u00f3n consumada en dos delitos de robo en lugar habitado, tres receptaciones de veh\u00edculos, un il\u00edcito de da\u00f1os adem\u00e1s de maltrato de obra a Carabineros en servicio y microtr\u00e1fico.<\/p>\n\n\n\n<p>Dada la cantidad de il\u00edcitos y la conducta reiterada del detenido, la Fiscal\u00eda solicit\u00f3 y obtuvo la medida cautelar de prisi\u00f3n preventiva del investigado quien qued\u00f3 privado de libertad en la c\u00e1rcel de esta ciudad por ser considerado un peligro para la seguridad de la sociedad.<\/p>\n","protected":false},"excerpt":{"rendered":"<p>La Fiscal\u00eda de Atacama formaliz\u00f3 y obtuvo la prisi\u00f3n preventiva de un imputado detenido en<\/p>\n","protected":false},"author":2,"featured_media":547,"comment_status":"open","ping_status":"open","sticky":false,"template":"","format":"standard","meta":{"_acf_changed":false,"footnotes":""},"categories":[5],"tags":[],"class_list":["post-546","post","type-post","status-publish","format-standard","has-post-thumbnail","hentry","category-policial"],"acf":[],"_links":{"self":[{"href":"https:\/\/atacamas.cl\/atc\/wp-json\/wp\/v2\/posts\/546","targetHints":{"allow":["GET"]}}],"collection":[{"href":"https:\/\/atacamas.cl\/atc\/wp-json\/wp\/v2\/posts"}],"about":[{"href":"https:\/\/atacamas.cl\/atc\/wp-json\/wp\/v2\/types\/post"}],"author":[{"embeddable":true,"href":"https:\/\/atacamas.cl\/atc\/wp-json\/wp\/v2\/users\/2"}],"replies":[{"embeddable":true,"href":"https:\/\/atacamas.cl\/atc\/wp-json\/wp\/v2\/comments?post=546"}],"version-history":[{"count":0,"href":"https:\/\/atacamas.cl\/atc\/wp-json\/wp\/v2\/posts\/546\/revisions"}],"wp:featuredmedia":[{"embeddable":true,"href":"https:\/\/atacamas.cl\/atc\/wp-json\/wp\/v2\/media\/547"}],"wp:attachment":[{"href":"https:\/\/atacamas.cl\/atc\/wp-json\/wp\/v2\/media?parent=546"}],"wp:term":[{"taxonomy":"category","embeddable":true,"href":"https:\/\/atacamas.cl\/atc\/wp-json\/wp\/v2\/categories?post=546"},{"taxonomy":"post_tag","embeddable":true,"href":"https:\/\/atacamas.cl\/atc\/wp-json\/wp\/v2\/tags?post=546"}],"curies":[{"name":"wp","href":"https:\/\/api.w.org\/{rel}","templated":true}]}}