{"id":549,"date":"2023-10-08T13:17:00","date_gmt":"2023-10-08T16:17:00","guid":{"rendered":"https:\/\/atacamas.cl\/atc\/?p=549"},"modified":"2023-10-09T13:22:35","modified_gmt":"2023-10-09T16:22:35","slug":"incendio-en-planta-concentradora-de-codelco-salvador","status":"publish","type":"post","link":"https:\/\/atacamas.cl\/atc\/incendio-en-planta-concentradora-de-codelco-salvador\/","title":{"rendered":"Incendio en Planta Concentradora de Codelco Salvador"},"content":{"rendered":"\n<p>Un incendio afect\u00f3 durante la ma\u00f1ana del domingo 8 de octubre a la Planta Concentradora de Codelco Salvador, espec\u00edficamente en la secci\u00f3n 5 del sector Molienda donde se efect\u00faan trabajos del proyecto Rajo Inca.<\/p>\n\n\n\n<p>A ra\u00edz de este incidente, de inmediato se activ\u00f3 el protocolo de emergencia y se evacu\u00f3 a todo el personal y afortunadamente no se registraron v\u00edctimas ni lesionados. En el lugar trabajaron las brigadas de emergencia de Codelco, con el apoyo de bomberos de El Salvador y Diego de Almagro, quienes controlaron la situaci\u00f3n.<\/p>\n\n\n\n<p>Las causas que originaron este incendio son materia de investigaci\u00f3n y hasta el cierre de este informe, las actividades en la planta Concentradora se encontraban detenidas.<\/p>\n","protected":false},"excerpt":{"rendered":"<p>Un incendio afect\u00f3 durante la ma\u00f1ana del domingo 8 de octubre a la Planta Concentradora<\/p>\n","protected":false},"author":2,"featured_media":550,"comment_status":"open","ping_status":"open","sticky":false,"template":"","format":"standard","meta":{"_acf_changed":false,"footnotes":""},"categories":[14],"tags":[],"class_list":["post-549","post","type-post","status-publish","format-standard","has-post-thumbnail","hentry","category-breakingnews"],"acf":[],"_links":{"self":[{"href":"https:\/\/atacamas.cl\/atc\/wp-json\/wp\/v2\/posts\/549","targetHints":{"allow":["GET"]}}],"collection":[{"href":"https:\/\/atacamas.cl\/atc\/wp-json\/wp\/v2\/posts"}],"about":[{"href":"https:\/\/atacamas.cl\/atc\/wp-json\/wp\/v2\/types\/post"}],"author":[{"embeddable":true,"href":"https:\/\/atacamas.cl\/atc\/wp-json\/wp\/v2\/users\/2"}],"replies":[{"embeddable":true,"href":"https:\/\/atacamas.cl\/atc\/wp-json\/wp\/v2\/comments?post=549"}],"version-history":[{"count":0,"href":"https:\/\/atacamas.cl\/atc\/wp-json\/wp\/v2\/posts\/549\/revisions"}],"wp:featuredmedia":[{"embeddable":true,"href":"https:\/\/atacamas.cl\/atc\/wp-json\/wp\/v2\/media\/550"}],"wp:attachment":[{"href":"https:\/\/atacamas.cl\/atc\/wp-json\/wp\/v2\/media?parent=549"}],"wp:term":[{"taxonomy":"category","embeddable":true,"href":"https:\/\/atacamas.cl\/atc\/wp-json\/wp\/v2\/categories?post=549"},{"taxonomy":"post_tag","embeddable":true,"href":"https:\/\/atacamas.cl\/atc\/wp-json\/wp\/v2\/tags?post=549"}],"curies":[{"name":"wp","href":"https:\/\/api.w.org\/{rel}","templated":true}]}}