{"id":552,"date":"2023-10-07T13:36:27","date_gmt":"2023-10-07T16:36:27","guid":{"rendered":"https:\/\/atacamas.cl\/atc\/?p=552"},"modified":"2023-10-09T13:38:09","modified_gmt":"2023-10-09T16:38:09","slug":"bahia-inglesa-reunio-a-un-centenar-de-cirujanos-dentistas","status":"publish","type":"post","link":"https:\/\/atacamas.cl\/atc\/bahia-inglesa-reunio-a-un-centenar-de-cirujanos-dentistas\/","title":{"rendered":"Bah\u00eda Inglesa reuni\u00f3 a un centenar de cirujanos dentistas"},"content":{"rendered":"\n<p>Con cerca de un centenar de participantes, se llev\u00f3 a cabo en Bah\u00eda Inglesa, la IV Jornada Macrozona Norte del Colegio de Cirujano Dentistas de Chile A.G., una oportunidad en que la comunidad odontol\u00f3gica nacional participa de distintas actividades acad\u00e9micas y de camarader\u00eda, bajo la organizaci\u00f3n de los Consejos Regionales de Arica, Iquique, Antofagasta, El Loa, Atacama y La Serena.<\/p>\n\n\n\n<p>El evento, que tuvo como anfitri\u00f3n al Regional Atacama, cont\u00f3 -adem\u00e1s- con la participaci\u00f3n activa del Consejo Nacional del gremio, que a trav\u00e9s de los integrantes de su mesa directiva, ha tenido un despliegue con el objetivo de descentralizar este tipo de instancias de la capital.<\/p>\n\n\n\n<p>Esta IV Jornada Macrozona Norte del Colegio de Cirujanos Dentista A.G. cont\u00f3 con expositores de primer nivel, quienes dictaron masterclass y workshop en temas como \u201cprocedimientos adhesivos para una odontolog\u00eda de m\u00e1xima conservaci\u00f3n\u201d, \u201codontogeriatr\u00eda: gesti\u00f3n de la salud oral en la poblaci\u00f3n mayor\u201d, \u201cCirug\u00eda Navegada: innovaci\u00f3n y precisi\u00f3n de implantolog\u00eda\u201d, \u201cL\u00e1ser en odontolog\u00eda en la pr\u00e1ctica diaria\u201d y \u201cManejo facial integral en armonizaci\u00f3n orofacial\u201d entre otros, a cargo de los doctores Gerardo Dur\u00e1n, Francisco Soto, Erik Dreyer, Felipe Villablanca, Cristi\u00e1n Gallegos y las doctoras Mar\u00eda del Pilar Barahona, Mariana G\u00f3mez, Mar\u00eda Jes\u00fas Muster, Paloma Rivera y Paola Culaciatti.<\/p>\n","protected":false},"excerpt":{"rendered":"<p>Con cerca de un centenar de participantes, se llev\u00f3 a cabo en Bah\u00eda Inglesa, la<\/p>\n","protected":false},"author":2,"featured_media":553,"comment_status":"open","ping_status":"open","sticky":false,"template":"","format":"standard","meta":{"_acf_changed":false,"footnotes":""},"categories":[23],"tags":[],"class_list":["post-552","post","type-post","status-publish","format-standard","has-post-thumbnail","hentry","category-actualidad-regional"],"acf":[],"_links":{"self":[{"href":"https:\/\/atacamas.cl\/atc\/wp-json\/wp\/v2\/posts\/552","targetHints":{"allow":["GET"]}}],"collection":[{"href":"https:\/\/atacamas.cl\/atc\/wp-json\/wp\/v2\/posts"}],"about":[{"href":"https:\/\/atacamas.cl\/atc\/wp-json\/wp\/v2\/types\/post"}],"author":[{"embeddable":true,"href":"https:\/\/atacamas.cl\/atc\/wp-json\/wp\/v2\/users\/2"}],"replies":[{"embeddable":true,"href":"https:\/\/atacamas.cl\/atc\/wp-json\/wp\/v2\/comments?post=552"}],"version-history":[{"count":0,"href":"https:\/\/atacamas.cl\/atc\/wp-json\/wp\/v2\/posts\/552\/revisions"}],"wp:featuredmedia":[{"embeddable":true,"href":"https:\/\/atacamas.cl\/atc\/wp-json\/wp\/v2\/media\/553"}],"wp:attachment":[{"href":"https:\/\/atacamas.cl\/atc\/wp-json\/wp\/v2\/media?parent=552"}],"wp:term":[{"taxonomy":"category","embeddable":true,"href":"https:\/\/atacamas.cl\/atc\/wp-json\/wp\/v2\/categories?post=552"},{"taxonomy":"post_tag","embeddable":true,"href":"https:\/\/atacamas.cl\/atc\/wp-json\/wp\/v2\/tags?post=552"}],"curies":[{"name":"wp","href":"https:\/\/api.w.org\/{rel}","templated":true}]}}