{"id":571,"date":"2023-11-26T13:52:42","date_gmt":"2023-11-26T16:52:42","guid":{"rendered":"https:\/\/atacamas.cl\/atc\/?p=571"},"modified":"2023-11-27T13:54:30","modified_gmt":"2023-11-27T16:54:30","slug":"explora-atacama-reune-a-mas-de-120-estudiantes-en-torno-a-las-ciencias-y-comunicacion","status":"publish","type":"post","link":"https:\/\/atacamas.cl\/atc\/explora-atacama-reune-a-mas-de-120-estudiantes-en-torno-a-las-ciencias-y-comunicacion\/","title":{"rendered":"Explora Atacama re\u00fane a m\u00e1s de 120 estudiantes en torno a las ciencias y comunicaci\u00f3n"},"content":{"rendered":"\n<p>M\u00e1s de 120 estudiantes provenientes de las comunas de Vallenar, Tierra Amarilla, Cha\u00f1aral, Caldera y Copiap\u00f3, participaron en los Talleres Metodol\u00f3gicos y de Comunicaci\u00f3n que organiz\u00f3 el Proyecto Asociativo Regional (PAR) Explora Atacama.<\/p>\n\n\n\n<p>Los talleres se dividieron en cuatro jornadas, considerando los diversos rangos etarios y educativos de las y los estudiantes; 1 Ciclo (1\u00b0 a 4\u00b0 b\u00e1sico), 2 Ciclo (5\u00b0 a 8\u00b0 b\u00e1sico) y 3 Ciclo (1\u00b0 a 4\u00b0 medio).<\/p>\n\n\n\n<p>\u201cLos ni\u00f1os, ni\u00f1as y adolescentes disfrutaron de estas jornadas cargadas de conocimiento y aprendizaje ligadas a las diversas ciencias, avanzando y dando a conocer sus proyectos de investigaci\u00f3n e innovaci\u00f3n. Reunimos a m\u00e1s de 120 estudiantes de toda la regi\u00f3n y esperamos seguir en esta l\u00ednea, sumando a m\u00e1s establecimientos, sus estudiantes y docentes gu\u00edas para el pr\u00f3ximo a\u00f1o. Queremos duplicar nuestra cobertura en la regi\u00f3n el 2024\u201d, indic\u00f3 el director de PAR Explora Atacama, Cristi\u00e1n Galaz.<\/p>\n\n\n\n<p>Toda&nbsp;la informaci\u00f3n sobre el proyecto y sus instrumentos en ejecuci\u00f3n est\u00e1 disponible en<a href=\"http:\/\/www.explora.cl\/atacama\" target=\"_blank\" rel=\"noreferrer noopener\">&nbsp;www.explora.cl\/atacama<\/a>&nbsp;y redes sociales de @ExploraAtacama. Para dudas y\/o consultas pueden escribir a&nbsp;<a href=\"mailto:info.explora.atacama@gmail.com\" target=\"_blank\" rel=\"noreferrer noopener\">info.explora.atacama@gmail.com<\/a>&nbsp;o al WhatsApp +569 58932793.<\/p>\n","protected":false},"excerpt":{"rendered":"<p>M\u00e1s de 120 estudiantes provenientes de las comunas de Vallenar, Tierra Amarilla, Cha\u00f1aral, Caldera y<\/p>\n","protected":false},"author":2,"featured_media":572,"comment_status":"open","ping_status":"open","sticky":false,"template":"","format":"standard","meta":{"_acf_changed":false,"footnotes":""},"categories":[23],"tags":[],"class_list":["post-571","post","type-post","status-publish","format-standard","has-post-thumbnail","hentry","category-actualidad-regional"],"acf":[],"_links":{"self":[{"href":"https:\/\/atacamas.cl\/atc\/wp-json\/wp\/v2\/posts\/571","targetHints":{"allow":["GET"]}}],"collection":[{"href":"https:\/\/atacamas.cl\/atc\/wp-json\/wp\/v2\/posts"}],"about":[{"href":"https:\/\/atacamas.cl\/atc\/wp-json\/wp\/v2\/types\/post"}],"author":[{"embeddable":true,"href":"https:\/\/atacamas.cl\/atc\/wp-json\/wp\/v2\/users\/2"}],"replies":[{"embeddable":true,"href":"https:\/\/atacamas.cl\/atc\/wp-json\/wp\/v2\/comments?post=571"}],"version-history":[{"count":0,"href":"https:\/\/atacamas.cl\/atc\/wp-json\/wp\/v2\/posts\/571\/revisions"}],"wp:featuredmedia":[{"embeddable":true,"href":"https:\/\/atacamas.cl\/atc\/wp-json\/wp\/v2\/media\/572"}],"wp:attachment":[{"href":"https:\/\/atacamas.cl\/atc\/wp-json\/wp\/v2\/media?parent=571"}],"wp:term":[{"taxonomy":"category","embeddable":true,"href":"https:\/\/atacamas.cl\/atc\/wp-json\/wp\/v2\/categories?post=571"},{"taxonomy":"post_tag","embeddable":true,"href":"https:\/\/atacamas.cl\/atc\/wp-json\/wp\/v2\/tags?post=571"}],"curies":[{"name":"wp","href":"https:\/\/api.w.org\/{rel}","templated":true}]}}