{"id":577,"date":"2023-12-25T19:13:23","date_gmt":"2023-12-25T22:13:23","guid":{"rendered":"https:\/\/atacamas.cl\/atc\/?p=577"},"modified":"2023-12-25T19:23:49","modified_gmt":"2023-12-25T22:23:49","slug":"vallenar-fiscalia-obtuvo-la-prision-preventiva-de-conductor-que-atropello-a-dos-mujeres","status":"publish","type":"post","link":"https:\/\/atacamas.cl\/atc\/vallenar-fiscalia-obtuvo-la-prision-preventiva-de-conductor-que-atropello-a-dos-mujeres\/","title":{"rendered":"Vallenar: Fiscal\u00eda obtuvo la prisi\u00f3n preventiva de conductor que atropell\u00f3 a dos mujeres"},"content":{"rendered":"\n<p><em><strong>Imputado conduc\u00eda en estado de ebriedad, con licencia suspendida de por vida y presenta condenas anteriores por el mismo delito.<\/strong><\/em><\/p>\n\n\n\n<p>La Fiscal\u00eda Local de Vallenar formaliz\u00f3 este lunes al conductor de un furg\u00f3n que fue detenido en esta ciudad por su responsabilidad en el atropello de dos personas, accidente ocurrido mientras el imputado guiaba el veh\u00edculo en estado de ebriedad.<\/p>\n\n\n\n<p>Los antecedentes de este caso los argument\u00f3 en la audiencia de formalizaci\u00f3n el fiscal jefe de esta comuna, Nicol\u00e1s Zolezzi, quien indic\u00f3 que los hechos ocurrieron este domingo cuando el detenido manejaba el veh\u00edculo por una arteria del centro de la ciudad con 3.5 gramos de alcohol por litro de sangre, ocasi\u00f3n en que atropell\u00f3 a las v\u00edctimas que caminaban por la vereda, causando lesiones para posteriormente darse a la fuga.<\/p>\n\n\n\n<p>\u201cLuego del atropello el imputado, quien presenta condena por el mismo delito y no cuenta con licencia de conducir pues le fue cancelada de manera perpetua, se alej\u00f3 del lugar y no prest\u00f3 ayuda a las v\u00edctimas ni tampoco alert\u00f3 a los servicios de emergencia de lo ocurrido\u201d, dijo el fiscal.<\/p>\n\n\n\n<p>Nicol\u00e1s Zolezzi agreg\u00f3 que testigos de lo ocurrido entregaron informaci\u00f3n a Carabineros referida a la patente del veh\u00edculo involucrado, lo que permiti\u00f3 a personal policial ubicar el furg\u00f3n en la poblaci\u00f3n Baquedano de esta ciudad a los pocos minutos, siendo detenido el imputado que se manten\u00eda a\u00fan en el interior del m\u00f3vil.<\/p>\n\n\n\n<p>FORMALIZACI\u00d3N<\/p>\n\n\n\n<p>Por estos hechos, la Fiscal\u00eda formaliz\u00f3 al conductor por su responsabilidad en el delito de manejo en estado de ebriedad con resultado de lesiones leves, adem\u00e1s del il\u00edcito de darse a la fuga del lugar del accidente sin auxiliar a las v\u00edctimas ni dar aviso de lo ocurrido.<\/p>\n\n\n\n<p>\u201cPor este grave hecho y los antecedentes reunidos luego del atropello, la Fiscal\u00eda solicit\u00f3 y obtuvo la prisi\u00f3n preventiva del conductor por considerarlo un peligro para la seguridad de la sociedad. Decretando el Juez de turno su ingreso a la c\u00e1rcel de esta ciudad\u201d, finaliz\u00f3 Zolezzi.<\/p>\n","protected":false},"excerpt":{"rendered":"<p>Imputado conduc\u00eda en estado de ebriedad, con licencia suspendida de por vida y presenta condenas<\/p>\n","protected":false},"author":2,"featured_media":578,"comment_status":"open","ping_status":"open","sticky":false,"template":"","format":"standard","meta":{"_acf_changed":false,"footnotes":""},"categories":[5],"tags":[],"class_list":["post-577","post","type-post","status-publish","format-standard","has-post-thumbnail","hentry","category-policial"],"acf":[],"_links":{"self":[{"href":"https:\/\/atacamas.cl\/atc\/wp-json\/wp\/v2\/posts\/577","targetHints":{"allow":["GET"]}}],"collection":[{"href":"https:\/\/atacamas.cl\/atc\/wp-json\/wp\/v2\/posts"}],"about":[{"href":"https:\/\/atacamas.cl\/atc\/wp-json\/wp\/v2\/types\/post"}],"author":[{"embeddable":true,"href":"https:\/\/atacamas.cl\/atc\/wp-json\/wp\/v2\/users\/2"}],"replies":[{"embeddable":true,"href":"https:\/\/atacamas.cl\/atc\/wp-json\/wp\/v2\/comments?post=577"}],"version-history":[{"count":0,"href":"https:\/\/atacamas.cl\/atc\/wp-json\/wp\/v2\/posts\/577\/revisions"}],"wp:featuredmedia":[{"embeddable":true,"href":"https:\/\/atacamas.cl\/atc\/wp-json\/wp\/v2\/media\/578"}],"wp:attachment":[{"href":"https:\/\/atacamas.cl\/atc\/wp-json\/wp\/v2\/media?parent=577"}],"wp:term":[{"taxonomy":"category","embeddable":true,"href":"https:\/\/atacamas.cl\/atc\/wp-json\/wp\/v2\/categories?post=577"},{"taxonomy":"post_tag","embeddable":true,"href":"https:\/\/atacamas.cl\/atc\/wp-json\/wp\/v2\/tags?post=577"}],"curies":[{"name":"wp","href":"https:\/\/api.w.org\/{rel}","templated":true}]}}