{"id":582,"date":"2023-12-26T09:06:32","date_gmt":"2023-12-26T12:06:32","guid":{"rendered":"https:\/\/atacamas.cl\/atc\/?p=582"},"modified":"2023-12-26T09:39:05","modified_gmt":"2023-12-26T12:39:05","slug":"copiapo-nuevo-homicidio-en-la-via-publica","status":"publish","type":"post","link":"https:\/\/atacamas.cl\/atc\/copiapo-nuevo-homicidio-en-la-via-publica\/","title":{"rendered":"Copiap\u00f3: Nuevo homicidio en la v\u00eda p\u00fablica"},"content":{"rendered":"\n<p>En la madrugada de este martes la Fiscal\u00eda de Atacama abri\u00f3 una investigaci\u00f3n luego de un delito de homicidio ocurrido en la plazoleta Cacique Colip\u00ed, ubicada en las cercan\u00edas de terminales de buses de Copiap\u00f3.<\/p>\n\n\n\n<p>Los antecedentes preliminares de este hecho indican que personal de Carabineros fue comunicado alrededor de la medianoche respecto de la muerte de una persona en el mencionado sector, comunicando lo ocurrido a la fiscal de turno regional, quien orden\u00f3 diligencias a la Brigada de Homicidios de las PDI, constituy\u00e9ndose en el sector adem\u00e1s la fiscal de concurrencia y el Equipo contra el Crimen Organizado y Homicidios (ECOH) de la Fiscal\u00eda Regional de Atacama.<\/p>\n\n\n\n<p>En el lugar se estableci\u00f3 que la v\u00edctima fue un hombre adulto, quien por causas que son materia de investigaci\u00f3n fue atacado por terceros con un arma de fuego, resultando herido y falleciendo en el mismo paseo p\u00fablico.<\/p>\n\n\n\n<p>DILIGENCIAS<\/p>\n\n\n\n<p>Luego de ocurrido el homicidio se realizaron distintas diligencias en el lugar, interviniendo en ellas tanto personal de la PDI como del Equipo ECOH, los que coordinaron acciones investigativas destinadas a determinar la din\u00e1mica en que se cometi\u00f3 el delito y la posible identidad de el o los responsables. Labor que se encuentra en pleno desarrollo.<\/p>\n\n\n\n<p>Finalmente, el cuerpo de la persona fallecida fue derivado al Servicio M\u00e9dico Legal para la realizaci\u00f3n de la autopsia de rigor.<\/p>\n","protected":false},"excerpt":{"rendered":"<p>En la madrugada de este martes la Fiscal\u00eda de Atacama abri\u00f3 una investigaci\u00f3n luego de<\/p>\n","protected":false},"author":2,"featured_media":583,"comment_status":"open","ping_status":"open","sticky":false,"template":"","format":"standard","meta":{"_acf_changed":false,"footnotes":""},"categories":[5],"tags":[],"class_list":["post-582","post","type-post","status-publish","format-standard","has-post-thumbnail","hentry","category-policial"],"acf":[],"_links":{"self":[{"href":"https:\/\/atacamas.cl\/atc\/wp-json\/wp\/v2\/posts\/582","targetHints":{"allow":["GET"]}}],"collection":[{"href":"https:\/\/atacamas.cl\/atc\/wp-json\/wp\/v2\/posts"}],"about":[{"href":"https:\/\/atacamas.cl\/atc\/wp-json\/wp\/v2\/types\/post"}],"author":[{"embeddable":true,"href":"https:\/\/atacamas.cl\/atc\/wp-json\/wp\/v2\/users\/2"}],"replies":[{"embeddable":true,"href":"https:\/\/atacamas.cl\/atc\/wp-json\/wp\/v2\/comments?post=582"}],"version-history":[{"count":0,"href":"https:\/\/atacamas.cl\/atc\/wp-json\/wp\/v2\/posts\/582\/revisions"}],"wp:featuredmedia":[{"embeddable":true,"href":"https:\/\/atacamas.cl\/atc\/wp-json\/wp\/v2\/media\/583"}],"wp:attachment":[{"href":"https:\/\/atacamas.cl\/atc\/wp-json\/wp\/v2\/media?parent=582"}],"wp:term":[{"taxonomy":"category","embeddable":true,"href":"https:\/\/atacamas.cl\/atc\/wp-json\/wp\/v2\/categories?post=582"},{"taxonomy":"post_tag","embeddable":true,"href":"https:\/\/atacamas.cl\/atc\/wp-json\/wp\/v2\/tags?post=582"}],"curies":[{"name":"wp","href":"https:\/\/api.w.org\/{rel}","templated":true}]}}