{"id":587,"date":"2024-01-03T18:14:34","date_gmt":"2024-01-03T21:14:34","guid":{"rendered":"https:\/\/atacamas.cl\/atc\/?p=587"},"modified":"2024-01-03T18:16:07","modified_gmt":"2024-01-03T21:16:07","slug":"copiapo-fiscalia-abre-investigacion-de-oficio-por-delito-de-maltrato-animal","status":"publish","type":"post","link":"https:\/\/atacamas.cl\/atc\/copiapo-fiscalia-abre-investigacion-de-oficio-por-delito-de-maltrato-animal\/","title":{"rendered":"Copiap\u00f3: Fiscal\u00eda abre investigaci\u00f3n de oficio por delito de maltrato animal"},"content":{"rendered":"\n<p><strong>Fiscal jefe (s) de esta ciudad, Leonel Ibacache V\u00e9liz, indic\u00f3 que video viral dio cuenta de un grupo de personas causando da\u00f1o a un perro, utilizando incluso un arma blanca. Bidema de la PDI realizar\u00e1 diligencias por esta causa.<\/strong><\/p>\n\n\n\n<p>La Fiscal\u00eda Local de Copiap\u00f3, por instrucci\u00f3n del fiscal regional Alexis Rogat Lucero, abri\u00f3 este mi\u00e9rcoles una investigaci\u00f3n de oficio luego de la circulaci\u00f3n en redes sociales de un video en que qued\u00f3 de manifiesto una violenta golpiza de parte de un grupo de personas a un perro.<\/p>\n\n\n\n<p>Dicho material audiovisual lleg\u00f3 a distintos medios de comunicaci\u00f3n de la ciudad, quienes lo replicaron informando adem\u00e1s que el animal tuvo que recibir atenci\u00f3n de urgencia en una cl\u00ednica veterinaria de esta ciudad.<\/p>\n\n\n\n<p>La apertura de esta causa fue confirmada por el fiscal jefe (s) de Copiap\u00f3, Leonel Ibacache, quien indic\u00f3 que \u201clas im\u00e1genes que circularon y de las cuales la Fiscal\u00eda Local de Copiap\u00f3 tom\u00f3 conocimiento, muestran de forma evidente un maltrato al que fue sometido el perro, motivo por lo que se abri\u00f3 una investigaci\u00f3n de oficio para iniciar las diligencias investigativas que lleven al esclarecimiento de lo ocurrido y la identificaci\u00f3n de sus responsables\u201d.<\/p>\n\n\n\n<p>El fiscal Ibacache agreg\u00f3 que, en este caso, en que no se estar\u00eda ante un delito flagrante, se oficiaran las diligencias respectivas a personal de la Bidema de la PDI para desarrollar la investigaci\u00f3n del caso.<\/p>\n\n\n\n<p>Por su parte, la comisaria Mar\u00eda Graciela Alfaro, jefa (s) de la Bidema Copiap\u00f3 indic\u00f3 que \u201cde acuerdo con las primeras indagatorias, este hecho habr\u00eda ocurrido d\u00edas atr\u00e1s en la poblaci\u00f3n Juan Pablo II de Copiap\u00f3, donde las im\u00e1genes que circulan dan muestra de un grupo de personas agrediendo a un perro. Actualmente, sabemos que el animal se encuentra en recuperaci\u00f3n y como Bidema Copiap\u00f3 realizaremos las diligencias que nos permitan establecer la din\u00e1mica de los hechos y poder ubicar a \u00e9l o los responsables de lo sucedido\u201d.<\/p>\n","protected":false},"excerpt":{"rendered":"<p>Fiscal jefe (s) de esta ciudad, Leonel Ibacache V\u00e9liz, indic\u00f3 que video viral dio cuenta<\/p>\n","protected":false},"author":2,"featured_media":588,"comment_status":"open","ping_status":"open","sticky":false,"template":"","format":"standard","meta":{"_acf_changed":false,"footnotes":""},"categories":[5],"tags":[],"class_list":["post-587","post","type-post","status-publish","format-standard","has-post-thumbnail","hentry","category-policial"],"acf":[],"_links":{"self":[{"href":"https:\/\/atacamas.cl\/atc\/wp-json\/wp\/v2\/posts\/587","targetHints":{"allow":["GET"]}}],"collection":[{"href":"https:\/\/atacamas.cl\/atc\/wp-json\/wp\/v2\/posts"}],"about":[{"href":"https:\/\/atacamas.cl\/atc\/wp-json\/wp\/v2\/types\/post"}],"author":[{"embeddable":true,"href":"https:\/\/atacamas.cl\/atc\/wp-json\/wp\/v2\/users\/2"}],"replies":[{"embeddable":true,"href":"https:\/\/atacamas.cl\/atc\/wp-json\/wp\/v2\/comments?post=587"}],"version-history":[{"count":0,"href":"https:\/\/atacamas.cl\/atc\/wp-json\/wp\/v2\/posts\/587\/revisions"}],"wp:featuredmedia":[{"embeddable":true,"href":"https:\/\/atacamas.cl\/atc\/wp-json\/wp\/v2\/media\/588"}],"wp:attachment":[{"href":"https:\/\/atacamas.cl\/atc\/wp-json\/wp\/v2\/media?parent=587"}],"wp:term":[{"taxonomy":"category","embeddable":true,"href":"https:\/\/atacamas.cl\/atc\/wp-json\/wp\/v2\/categories?post=587"},{"taxonomy":"post_tag","embeddable":true,"href":"https:\/\/atacamas.cl\/atc\/wp-json\/wp\/v2\/tags?post=587"}],"curies":[{"name":"wp","href":"https:\/\/api.w.org\/{rel}","templated":true}]}}