{"id":590,"date":"2024-01-04T20:16:43","date_gmt":"2024-01-04T23:16:43","guid":{"rendered":"https:\/\/atacamas.cl\/atc\/?p=590"},"modified":"2024-01-04T20:16:44","modified_gmt":"2024-01-04T23:16:44","slug":"prision-preventiva-para-conductor-de-motocicleta-que-ocasiono-fatal-accidente-en-avenida-copayapu","status":"publish","type":"post","link":"https:\/\/atacamas.cl\/atc\/prision-preventiva-para-conductor-de-motocicleta-que-ocasiono-fatal-accidente-en-avenida-copayapu\/","title":{"rendered":"Prisi\u00f3n preventiva para conductor de motocicleta que ocasion\u00f3 fatal accidente en avenida Copayapu"},"content":{"rendered":"\n<p><strong><em>El imputado no contaba con licencia para conducir este tipo de veh\u00edculo y adem\u00e1s gu\u00edo la motocicleta en contra del sentido del tr\u00e1nsito.<\/em><\/strong><\/p>\n\n\n\n<p>La Fiscal\u00eda de Atacama formaliz\u00f3 la investigaci\u00f3n en contra del conductor de una motocicleta involucrada en un accidente de tr\u00e1nsito que dej\u00f3 como consecuencia una v\u00edctima fatal el pasado 30 de diciembre en Copiap\u00f3 y cuya detenci\u00f3n se encontraba ampliada.<\/p>\n\n\n\n<p>La audiencia de formalizaci\u00f3n de la investigaci\u00f3n fue asumida por el fiscal adjunto de esta ciudad, Marcelo Torres, quien argument\u00f3 que durante el periodo que se ampli\u00f3 la detenci\u00f3n del imputado la Fiscal\u00eda pudo reunir importante evidencia, adem\u00e1s de conocer otros antecedentes que sustentaron la solicitud de prisi\u00f3n preventiva del detenido.<\/p>\n\n\n\n<p>\u201cLa Fiscal\u00eda cont\u00f3 con el parte policial que se\u00f1al\u00f3 la din\u00e1mica del accidente en que personal de la Siat de Carabineros elabor\u00f3 un croquis del lugar de los hechos, pudiendo se\u00f1alar cu\u00e1l habr\u00eda sido la imprudencia del conductor de la motocicleta\u201d, dijo Torres.<\/p>\n\n\n\n<p>El fiscal agreg\u00f3 que el imputado, quien se encuentra de manera irregular en el pa\u00eds, no contaba con la licencia que le permit\u00eda manejar este tipo de veh\u00edculos y lo guiaba, adem\u00e1s, en contra del sentido del tr\u00e1nsito. \u201cQued\u00f3 en evidencia una total negligencia y falta de observancia a las leyes y reglamentos del tr\u00e1nsito que ocasionaron este accidente que le cost\u00f3 la vida a la pasajera de la motocicleta\u201d, indic\u00f3 el fiscal.<\/p>\n\n\n\n<p>Agregando que la Fiscal\u00eda indaga otros antecedentes en este caso y que dicen relaci\u00f3n con la intervenci\u00f3n de un auto que pas\u00f3 por el lugar a la hora de la colisi\u00f3n.<\/p>\n\n\n\n<p><strong>FORMALIZACI\u00d3N<\/strong><\/p>\n\n\n\n<p>En la audiencia la Fiscal\u00eda comunic\u00f3 al detenido que ser\u00e1 investigado por su participaci\u00f3n en un cuasidelito de homicidio, pidiendo en su contra la medida cautelar de prisi\u00f3n preventiva por el eventual peligro de fuga del imputado al tratarse de un ciudadano extranjero, lo que no daba garant\u00edas de que cumpliendo otra cautelar se mantuviera ligado al proceso penal. Dicha solicitud fue acogida por el Juez de turno, quien decret\u00f3 su ingreso a la c\u00e1rcel de esta ciudad y un plazo de investigaci\u00f3n de 4 meses.<\/p>\n","protected":false},"excerpt":{"rendered":"<p>El imputado no contaba con licencia para conducir este tipo de veh\u00edculo y adem\u00e1s gu\u00edo<\/p>\n","protected":false},"author":2,"featured_media":591,"comment_status":"open","ping_status":"open","sticky":false,"template":"","format":"standard","meta":{"_acf_changed":false,"footnotes":""},"categories":[5],"tags":[],"class_list":["post-590","post","type-post","status-publish","format-standard","has-post-thumbnail","hentry","category-policial"],"acf":[],"_links":{"self":[{"href":"https:\/\/atacamas.cl\/atc\/wp-json\/wp\/v2\/posts\/590","targetHints":{"allow":["GET"]}}],"collection":[{"href":"https:\/\/atacamas.cl\/atc\/wp-json\/wp\/v2\/posts"}],"about":[{"href":"https:\/\/atacamas.cl\/atc\/wp-json\/wp\/v2\/types\/post"}],"author":[{"embeddable":true,"href":"https:\/\/atacamas.cl\/atc\/wp-json\/wp\/v2\/users\/2"}],"replies":[{"embeddable":true,"href":"https:\/\/atacamas.cl\/atc\/wp-json\/wp\/v2\/comments?post=590"}],"version-history":[{"count":0,"href":"https:\/\/atacamas.cl\/atc\/wp-json\/wp\/v2\/posts\/590\/revisions"}],"wp:featuredmedia":[{"embeddable":true,"href":"https:\/\/atacamas.cl\/atc\/wp-json\/wp\/v2\/media\/591"}],"wp:attachment":[{"href":"https:\/\/atacamas.cl\/atc\/wp-json\/wp\/v2\/media?parent=590"}],"wp:term":[{"taxonomy":"category","embeddable":true,"href":"https:\/\/atacamas.cl\/atc\/wp-json\/wp\/v2\/categories?post=590"},{"taxonomy":"post_tag","embeddable":true,"href":"https:\/\/atacamas.cl\/atc\/wp-json\/wp\/v2\/tags?post=590"}],"curies":[{"name":"wp","href":"https:\/\/api.w.org\/{rel}","templated":true}]}}