{"id":593,"date":"2024-01-04T21:16:26","date_gmt":"2024-01-05T00:16:26","guid":{"rendered":"https:\/\/atacamas.cl\/atc\/?p=593"},"modified":"2024-01-04T21:16:54","modified_gmt":"2024-01-05T00:16:54","slug":"decomisan-carros-de-comida-rapida-durante-fiscalizacion-al-comercio-irregular-en-copiapo","status":"publish","type":"post","link":"https:\/\/atacamas.cl\/atc\/decomisan-carros-de-comida-rapida-durante-fiscalizacion-al-comercio-irregular-en-copiapo\/","title":{"rendered":"Decomisan carros de comida r\u00e1pida durante fiscalizaci\u00f3n al comercio irregular en Copiap\u00f3"},"content":{"rendered":"\n<p>Dos carros de comida r\u00e1pida, que no contaban con resoluci\u00f3n sanitaria para su funcionamiento, una camioneta decomisada que transitaba sin sus papeles al d\u00eda, 3 sumarios sanitarios y 5 infracciones al tr\u00e1nsito, fue el resultado de una nueva fiscalizaci\u00f3n intersectorial al comercio irregular, que se instala en diferentes avenidas c\u00e9ntricas de la capital regional.<\/p>\n\n\n\n<p>La intervenci\u00f3n, coordinada por la Delegaci\u00f3n Presidencial de Atacama y la Subsecretaria de Prevenci\u00f3n del Delito (SPD), tiene como objetivo recuperar los espacios p\u00fablicos para la comunidad, adem\u00e1s de evitar el consumo de productos de dudoso origen que afectan la salud de la poblaci\u00f3n.<\/p>\n\n\n\n<p>En el operativo participaron funcionarios de la: SPD, Departamento de Coordinaci\u00f3n y Gesti\u00f3n Territorial de la DPR de Atacama, las seremis de salud y transporte, Carabineros y la Municipalidad de Copiap\u00f3, a trav\u00e9s de las direcciones de patentes, Seguridad P\u00fablica y Operaciones.<\/p>\n","protected":false},"excerpt":{"rendered":"<p>Dos carros de comida r\u00e1pida, que no contaban con resoluci\u00f3n sanitaria para su funcionamiento, una<\/p>\n","protected":false},"author":2,"featured_media":594,"comment_status":"open","ping_status":"open","sticky":false,"template":"","format":"standard","meta":{"_acf_changed":false,"footnotes":""},"categories":[23],"tags":[],"class_list":["post-593","post","type-post","status-publish","format-standard","has-post-thumbnail","hentry","category-actualidad-regional"],"acf":[],"_links":{"self":[{"href":"https:\/\/atacamas.cl\/atc\/wp-json\/wp\/v2\/posts\/593","targetHints":{"allow":["GET"]}}],"collection":[{"href":"https:\/\/atacamas.cl\/atc\/wp-json\/wp\/v2\/posts"}],"about":[{"href":"https:\/\/atacamas.cl\/atc\/wp-json\/wp\/v2\/types\/post"}],"author":[{"embeddable":true,"href":"https:\/\/atacamas.cl\/atc\/wp-json\/wp\/v2\/users\/2"}],"replies":[{"embeddable":true,"href":"https:\/\/atacamas.cl\/atc\/wp-json\/wp\/v2\/comments?post=593"}],"version-history":[{"count":0,"href":"https:\/\/atacamas.cl\/atc\/wp-json\/wp\/v2\/posts\/593\/revisions"}],"wp:featuredmedia":[{"embeddable":true,"href":"https:\/\/atacamas.cl\/atc\/wp-json\/wp\/v2\/media\/594"}],"wp:attachment":[{"href":"https:\/\/atacamas.cl\/atc\/wp-json\/wp\/v2\/media?parent=593"}],"wp:term":[{"taxonomy":"category","embeddable":true,"href":"https:\/\/atacamas.cl\/atc\/wp-json\/wp\/v2\/categories?post=593"},{"taxonomy":"post_tag","embeddable":true,"href":"https:\/\/atacamas.cl\/atc\/wp-json\/wp\/v2\/tags?post=593"}],"curies":[{"name":"wp","href":"https:\/\/api.w.org\/{rel}","templated":true}]}}