{"id":599,"date":"2024-01-26T00:19:45","date_gmt":"2024-01-26T03:19:45","guid":{"rendered":"https:\/\/atacamas.cl\/atc\/?p=599"},"modified":"2024-01-26T00:20:06","modified_gmt":"2024-01-26T03:20:06","slug":"este-verano-vuelve-huasco-de-pelicula","status":"publish","type":"post","link":"https:\/\/atacamas.cl\/atc\/este-verano-vuelve-huasco-de-pelicula\/","title":{"rendered":"Este Verano Vuelve \u201cHuasco de Pel\u00edcula\u201d"},"content":{"rendered":"\n<p>El tradicional ciclo de cine de verano \u201cHuasco de Pel\u00edcula\u201d, organizado por la empresa Guacolda Energ\u00eda como parte de su pol\u00edtica de Responsabilidad Social, con el apoyo del municipio local, regresa con una versi\u00f3n 2.0 que considera cuatro noches en la avenida costanera y una \u00fanica funci\u00f3n en Carrizal Bajo.<\/p>\n\n\n\n<p>El ciclo contempla las cintas \u201cSuper Mario Bross\u201d (martes 30 de enero) \u201cBarbie\u201d (mi\u00e9rcoles 31),\u201cTrolls 3\u201d (1 de febrero), \u201cLa Sirenita: live action\u201d (2 de febrero) y \u201cElemental\u201d (3 de febrero), esta \u00faltima se exhibir\u00e1 en la cancha de f\u00fatbol de Carrizal Bajo.<\/p>\n\n\n\n<p>Los organizadores confirmaron que para las primeras 200 personas que lleguen al ciclo cada noche, se les entregar\u00e1n palomitas de ma\u00edz y cupones para participar de un gran sorteo cada noche.<\/p>\n\n\n\n<p>Respecto de la iniciativa, el Gerente de Operaciones de Guacolda Energ\u00eda, Ren\u00e9 Opazo, sostuvo que \u201ceste ciclo de cine se ha transformado en una tradici\u00f3n del verano y al cumplir 15 a\u00f1os quisimos hacer una versi\u00f3n renovada que permita disfrutar de la cartelera con tecnolog\u00eda LED, garantizando as\u00ed la experiencia de ver y deleitarse con las pel\u00edculas de mejor manera. Esperamos que las familias Huasquinas y turistas puedan asistir y disfrutar un a\u00f1o m\u00e1s del cine junto a nosotros\u201d.<\/p>\n\n\n\n<p>Huasco de Pel\u00edcula, un panorama imperdible del verano y que cada a\u00f1o ha cautivado a m\u00e1s de 2000 ni\u00f1os, j\u00f3venes y adultos de la comuna de Huasco.<\/p>\n","protected":false},"excerpt":{"rendered":"<p>El tradicional ciclo de cine de verano \u201cHuasco de Pel\u00edcula\u201d, organizado por la empresa Guacolda<\/p>\n","protected":false},"author":2,"featured_media":600,"comment_status":"open","ping_status":"open","sticky":false,"template":"","format":"standard","meta":{"_acf_changed":false,"footnotes":""},"categories":[22],"tags":[],"class_list":["post-599","post","type-post","status-publish","format-standard","has-post-thumbnail","hentry","category-cultura"],"acf":[],"_links":{"self":[{"href":"https:\/\/atacamas.cl\/atc\/wp-json\/wp\/v2\/posts\/599","targetHints":{"allow":["GET"]}}],"collection":[{"href":"https:\/\/atacamas.cl\/atc\/wp-json\/wp\/v2\/posts"}],"about":[{"href":"https:\/\/atacamas.cl\/atc\/wp-json\/wp\/v2\/types\/post"}],"author":[{"embeddable":true,"href":"https:\/\/atacamas.cl\/atc\/wp-json\/wp\/v2\/users\/2"}],"replies":[{"embeddable":true,"href":"https:\/\/atacamas.cl\/atc\/wp-json\/wp\/v2\/comments?post=599"}],"version-history":[{"count":0,"href":"https:\/\/atacamas.cl\/atc\/wp-json\/wp\/v2\/posts\/599\/revisions"}],"wp:featuredmedia":[{"embeddable":true,"href":"https:\/\/atacamas.cl\/atc\/wp-json\/wp\/v2\/media\/600"}],"wp:attachment":[{"href":"https:\/\/atacamas.cl\/atc\/wp-json\/wp\/v2\/media?parent=599"}],"wp:term":[{"taxonomy":"category","embeddable":true,"href":"https:\/\/atacamas.cl\/atc\/wp-json\/wp\/v2\/categories?post=599"},{"taxonomy":"post_tag","embeddable":true,"href":"https:\/\/atacamas.cl\/atc\/wp-json\/wp\/v2\/tags?post=599"}],"curies":[{"name":"wp","href":"https:\/\/api.w.org\/{rel}","templated":true}]}}