{"id":614,"date":"2025-03-06T22:03:06","date_gmt":"2025-03-07T01:03:06","guid":{"rendered":"https:\/\/atacamas.cl\/atc\/?p=614"},"modified":"2025-03-09T22:38:11","modified_gmt":"2025-03-10T01:38:11","slug":"presentan-querella-criminal-por-robo-de-cables-de-alta-tension","status":"publish","type":"post","link":"https:\/\/atacamas.cl\/atc\/presentan-querella-criminal-por-robo-de-cables-de-alta-tension\/","title":{"rendered":"Presentan Querella Criminal por Robo de Cables de Alta Tensi\u00f3n"},"content":{"rendered":"\n<p>La Delegaci\u00f3n Presidencial de Atacama present\u00f3 una querella criminal en contra de quienes resulten responsables, tras el robo de m\u00e1s de 600 metros de cables de alta tensi\u00f3n, en el sector de Galleguillos, comuna de Copiap\u00f3.<\/p>\n\n\n\n<p>Los hechos se remontan al pasado 25 de febrero, ocasi\u00f3n en que desconocidos sustrajeron m\u00e1s de 600 metros de cables de cobre desde las torres de alta tensi\u00f3n, afectando a cerca de 33 mil clientes de los sectores centro, centro alto y norte de Copiap\u00f3.<\/p>\n\n\n\n<p>La autoridad regional indic\u00f3, \u201c<em>estamos presentando esta acci\u00f3n judicial, dado que debemos garantizar la seguridad y tranquilidad de la ciudadan\u00eda, frente a un delito que revierte la m\u00e1xima gravedad. De esta manera nos permite ser parte de la investigaci\u00f3n y colaborar activamente con el Ministerio P\u00fablico y las polic\u00edas. Desde la delegaci\u00f3n utilizaremos todas las herramientas que nos entrega el derecho para que las penas y condenas sean ejemplares, adem\u00e1s de entregar un mensaje claro de no impunidad frente a este tipo de hechos de alta connotaci\u00f3n p\u00fablica<\/em>\u201d.<\/p>\n\n\n\n<p>Finalmente, la autoridad insto a la comunidad a denunciar hechos constitutivos de delitos al *4242, \u201c<em>es una herramienta fundamental a la hora de hacer la planificaci\u00f3n policial, pues permite identificar los lugares y horarios en que se comenten los delitos y con ello, adaptar estrategias de seguridad en base a las necesidades de la comunidad<\/em>\u201d, concluy\u00f3<\/p>\n","protected":false},"excerpt":{"rendered":"<p>La Delegaci\u00f3n Presidencial de Atacama present\u00f3 una querella criminal en contra de quienes resulten responsables,<\/p>\n","protected":false},"author":2,"featured_media":615,"comment_status":"open","ping_status":"open","sticky":false,"template":"","format":"standard","meta":{"_acf_changed":false,"footnotes":""},"categories":[5],"tags":[36,34,35],"class_list":["post-614","post","type-post","status-publish","format-standard","has-post-thumbnail","hentry","category-policial","tag-policial","tag-querella","tag-robo"],"acf":[],"_links":{"self":[{"href":"https:\/\/atacamas.cl\/atc\/wp-json\/wp\/v2\/posts\/614","targetHints":{"allow":["GET"]}}],"collection":[{"href":"https:\/\/atacamas.cl\/atc\/wp-json\/wp\/v2\/posts"}],"about":[{"href":"https:\/\/atacamas.cl\/atc\/wp-json\/wp\/v2\/types\/post"}],"author":[{"embeddable":true,"href":"https:\/\/atacamas.cl\/atc\/wp-json\/wp\/v2\/users\/2"}],"replies":[{"embeddable":true,"href":"https:\/\/atacamas.cl\/atc\/wp-json\/wp\/v2\/comments?post=614"}],"version-history":[{"count":0,"href":"https:\/\/atacamas.cl\/atc\/wp-json\/wp\/v2\/posts\/614\/revisions"}],"wp:featuredmedia":[{"embeddable":true,"href":"https:\/\/atacamas.cl\/atc\/wp-json\/wp\/v2\/media\/615"}],"wp:attachment":[{"href":"https:\/\/atacamas.cl\/atc\/wp-json\/wp\/v2\/media?parent=614"}],"wp:term":[{"taxonomy":"category","embeddable":true,"href":"https:\/\/atacamas.cl\/atc\/wp-json\/wp\/v2\/categories?post=614"},{"taxonomy":"post_tag","embeddable":true,"href":"https:\/\/atacamas.cl\/atc\/wp-json\/wp\/v2\/tags?post=614"}],"curies":[{"name":"wp","href":"https:\/\/api.w.org\/{rel}","templated":true}]}}