{"id":617,"date":"2025-03-05T23:16:13","date_gmt":"2025-03-06T02:16:13","guid":{"rendered":"https:\/\/atacamas.cl\/atc\/?p=617"},"modified":"2025-03-06T23:17:35","modified_gmt":"2025-03-07T02:17:35","slug":"chanaral-autor-de-distintos-delitos-de-robo-fue-sentenciado-a-pena-efectiva-de-carcel","status":"publish","type":"post","link":"https:\/\/atacamas.cl\/atc\/chanaral-autor-de-distintos-delitos-de-robo-fue-sentenciado-a-pena-efectiva-de-carcel\/","title":{"rendered":"Cha\u00f1aral: autor de distintos delitos de robo fue sentenciado a pena efectiva de c\u00e1rcel"},"content":{"rendered":"\n<p>La Fiscal\u00eda Local de Cha\u00f1aral obtuvo la condena de un imputado por su responsabilidad en distintos delitos de robo que afectaron, principalmente, a locales comerciales de esta comuna.<\/p>\n\n\n\n<p>Los antecedentes de estas investigaciones los entreg\u00f3 el fiscal jefe del puerto, Marco Arenas Zeballos, quien mencion\u00f3 que la Fiscal\u00eda manten\u00eda antecedentes de la sustracci\u00f3n de especies a los locales afectados, reuniendo informaci\u00f3n y medios de prueba a partir de diligencias ordenadas a ambas polic\u00edas. \u201cLa funci\u00f3n investigativa permiti\u00f3 establecer la identidad del autor de los delitos, por lo que el Ministerio P\u00fablico realiz\u00f3 la agrupaci\u00f3n de las causas y present\u00f3 los antecedentes ante el Juzgado de Garant\u00eda de la ciudad mediante la realizaci\u00f3n de un Juicio abreviado en que se acus\u00f3 al imputado, apodado el \u201cTorta\u201d, por su participaci\u00f3n consumada en los il\u00edcitos indagados\u201d, dijo el fiscal.<\/p>\n\n\n\n<p>Arenas agreg\u00f3 que dado los antecedentes del involucrado y la sucesi\u00f3n de robos que cometi\u00f3, el Ministerio P\u00fablico solicit\u00f3 al Tribunal imponer una pena efectiva de c\u00e1rcel de 6 a\u00f1os de presidio efectivo adem\u00e1s de otras sanciones accesorias, solicitud a la que accedi\u00f3 el Juez quien orden\u00f3 el ingreso del condenado a la c\u00e1rcel local.<\/p>\n\n\n\n<p>Finalmente, el fiscal mencion\u00f3 que con esta sentencia la Fiscal\u00eda sac\u00f3 de circulaci\u00f3n a un prol\u00edfico imputado que ten\u00eda a su haber varios robos que hab\u00edan causado preocupaci\u00f3n entre los comerciantes de esta comuna.<\/p>\n","protected":false},"excerpt":{"rendered":"<p>La Fiscal\u00eda Local de Cha\u00f1aral obtuvo la condena de un imputado por su responsabilidad en<\/p>\n","protected":false},"author":2,"featured_media":618,"comment_status":"open","ping_status":"open","sticky":false,"template":"","format":"standard","meta":{"_acf_changed":false,"footnotes":""},"categories":[5],"tags":[],"class_list":["post-617","post","type-post","status-publish","format-standard","has-post-thumbnail","hentry","category-policial"],"acf":[],"_links":{"self":[{"href":"https:\/\/atacamas.cl\/atc\/wp-json\/wp\/v2\/posts\/617","targetHints":{"allow":["GET"]}}],"collection":[{"href":"https:\/\/atacamas.cl\/atc\/wp-json\/wp\/v2\/posts"}],"about":[{"href":"https:\/\/atacamas.cl\/atc\/wp-json\/wp\/v2\/types\/post"}],"author":[{"embeddable":true,"href":"https:\/\/atacamas.cl\/atc\/wp-json\/wp\/v2\/users\/2"}],"replies":[{"embeddable":true,"href":"https:\/\/atacamas.cl\/atc\/wp-json\/wp\/v2\/comments?post=617"}],"version-history":[{"count":0,"href":"https:\/\/atacamas.cl\/atc\/wp-json\/wp\/v2\/posts\/617\/revisions"}],"wp:featuredmedia":[{"embeddable":true,"href":"https:\/\/atacamas.cl\/atc\/wp-json\/wp\/v2\/media\/618"}],"wp:attachment":[{"href":"https:\/\/atacamas.cl\/atc\/wp-json\/wp\/v2\/media?parent=617"}],"wp:term":[{"taxonomy":"category","embeddable":true,"href":"https:\/\/atacamas.cl\/atc\/wp-json\/wp\/v2\/categories?post=617"},{"taxonomy":"post_tag","embeddable":true,"href":"https:\/\/atacamas.cl\/atc\/wp-json\/wp\/v2\/tags?post=617"}],"curies":[{"name":"wp","href":"https:\/\/api.w.org\/{rel}","templated":true}]}}