{"id":672,"date":"2025-03-19T18:14:42","date_gmt":"2025-03-19T21:14:42","guid":{"rendered":"https:\/\/atacamas.cl\/atc\/?p=672"},"modified":"2025-03-23T18:16:24","modified_gmt":"2025-03-23T21:16:24","slug":"dan-a-conocer-el-prediseno-del-futuro-centro-de-dialisis-de-huasco","status":"publish","type":"post","link":"https:\/\/atacamas.cl\/atc\/dan-a-conocer-el-prediseno-del-futuro-centro-de-dialisis-de-huasco\/","title":{"rendered":"Dan a conocer el predise\u00f1o del futuro Centro de Di\u00e1lisis de Huasco"},"content":{"rendered":"\n<p>Un nuevo avance en la concreci\u00f3n del anhelado Centro de Di\u00e1lisis de Huasco, se llev\u00f3 a cabo el pasado viernes 14 de marzo con la presentaci\u00f3n de la maqueta digital de predise\u00f1o. La iniciativa tendr\u00e1 un impacto positivo en la calidad de vida de las vecinas y vecinos que requieren di\u00e1lisis, evitando largos desplazamientos a otras comunas y aumentando la capacidad de este tipo de tratamientos a nivel regional.<\/p>\n\n\n\n<p>El futuro centro se enmarca en el acuerdo de intenciones firmado en enero de 2024 por la Municipalidad de Huasco, el Ministerio de Salud, Servicio de Salud de Atacama (SSA), el Fondo nacional de Salud, Guacolda Energ\u00eda y la Agrupaci\u00f3n de familiares de dializados de Huasco (AFADIH), con el compromiso de trabajar colaborativamente para materializar este proyecto.<\/p>\n\n\n\n<p>La presentaci\u00f3n del predise\u00f1o marca un paso decisivo en la materializaci\u00f3n del Centro de Di\u00e1lisis de Huasco y refleja el impacto positivo de la alianza p\u00fablico-privada, que en este caso contribuye al fortalecimiento de la infraestructura de salud en la comuna<\/p>\n\n\n\n<p><\/p>\n","protected":false},"excerpt":{"rendered":"<p>Un nuevo avance en la concreci\u00f3n del anhelado Centro de Di\u00e1lisis de Huasco, se llev\u00f3<\/p>\n","protected":false},"author":2,"featured_media":673,"comment_status":"open","ping_status":"open","sticky":false,"template":"","format":"standard","meta":{"_acf_changed":false,"footnotes":""},"categories":[23],"tags":[],"class_list":["post-672","post","type-post","status-publish","format-standard","has-post-thumbnail","hentry","category-actualidad-regional"],"acf":[],"_links":{"self":[{"href":"https:\/\/atacamas.cl\/atc\/wp-json\/wp\/v2\/posts\/672","targetHints":{"allow":["GET"]}}],"collection":[{"href":"https:\/\/atacamas.cl\/atc\/wp-json\/wp\/v2\/posts"}],"about":[{"href":"https:\/\/atacamas.cl\/atc\/wp-json\/wp\/v2\/types\/post"}],"author":[{"embeddable":true,"href":"https:\/\/atacamas.cl\/atc\/wp-json\/wp\/v2\/users\/2"}],"replies":[{"embeddable":true,"href":"https:\/\/atacamas.cl\/atc\/wp-json\/wp\/v2\/comments?post=672"}],"version-history":[{"count":0,"href":"https:\/\/atacamas.cl\/atc\/wp-json\/wp\/v2\/posts\/672\/revisions"}],"wp:featuredmedia":[{"embeddable":true,"href":"https:\/\/atacamas.cl\/atc\/wp-json\/wp\/v2\/media\/673"}],"wp:attachment":[{"href":"https:\/\/atacamas.cl\/atc\/wp-json\/wp\/v2\/media?parent=672"}],"wp:term":[{"taxonomy":"category","embeddable":true,"href":"https:\/\/atacamas.cl\/atc\/wp-json\/wp\/v2\/categories?post=672"},{"taxonomy":"post_tag","embeddable":true,"href":"https:\/\/atacamas.cl\/atc\/wp-json\/wp\/v2\/tags?post=672"}],"curies":[{"name":"wp","href":"https:\/\/api.w.org\/{rel}","templated":true}]}}