{"id":676,"date":"2025-03-23T20:12:15","date_gmt":"2025-03-23T23:12:15","guid":{"rendered":"https:\/\/atacamas.cl\/atc\/?p=676"},"modified":"2025-03-23T20:17:29","modified_gmt":"2025-03-23T23:17:29","slug":"tragedia-en-atacama-race-piloto-fallece-y-otro-resulta-herido","status":"publish","type":"post","link":"https:\/\/atacamas.cl\/atc\/tragedia-en-atacama-race-piloto-fallece-y-otro-resulta-herido\/","title":{"rendered":"Tragedia en Atacama Race: Piloto fallece y otro resulta herido"},"content":{"rendered":"\n<p>Un piloto de la categor\u00eda Rally2 perdi\u00f3 la vida tras un accidente ocurrido en el kil\u00f3metro 206 de la competencia Atacama Race 2025, que se desarrolla en la comuna de Caldera.<\/p>\n\n\n\n<p>Seg\u00fan informaron los organizadores de la actividad, un segundo piloto tambi\u00e9n sufri\u00f3 un accidente durante la jornada y actualmente, se encuentra recibiendo atenci\u00f3n en un recinto de salud.<\/p>\n\n\n\n<p>La v\u00edctima de este fatal accidente, fue identificada como Jos\u00e9 Miguel Rojas Bordones, un destacado deportista de la comuna de Tierra Amarilla.<\/p>\n\n\n\n<p>Desde la Fiscal\u00eda de Atacama se inform\u00f3 que una vez que se tom\u00f3 conocimiento de lo ocurrido, se orden\u00f3 la concurrencia de personal de la Siat de Carabineros al lugar del accidente para determinar las causas y din\u00e1mica de este hecho que enluta el deporte atacame\u00f1o.<\/p>\n\n\n\n<p>Ante este lamentable accidente, la organizaci\u00f3n de Atacama Race ha decidido suspender todas las actividades del evento, en se\u00f1al de respeto y duelo.<\/p>\n\n\n\n<p><\/p>\n","protected":false},"excerpt":{"rendered":"<p>Un piloto de la categor\u00eda Rally2 perdi\u00f3 la vida tras un accidente ocurrido en el<\/p>\n","protected":false},"author":2,"featured_media":677,"comment_status":"open","ping_status":"open","sticky":false,"template":"","format":"standard","meta":{"_acf_changed":false,"footnotes":""},"categories":[14],"tags":[],"class_list":["post-676","post","type-post","status-publish","format-standard","has-post-thumbnail","hentry","category-breakingnews"],"acf":[],"_links":{"self":[{"href":"https:\/\/atacamas.cl\/atc\/wp-json\/wp\/v2\/posts\/676","targetHints":{"allow":["GET"]}}],"collection":[{"href":"https:\/\/atacamas.cl\/atc\/wp-json\/wp\/v2\/posts"}],"about":[{"href":"https:\/\/atacamas.cl\/atc\/wp-json\/wp\/v2\/types\/post"}],"author":[{"embeddable":true,"href":"https:\/\/atacamas.cl\/atc\/wp-json\/wp\/v2\/users\/2"}],"replies":[{"embeddable":true,"href":"https:\/\/atacamas.cl\/atc\/wp-json\/wp\/v2\/comments?post=676"}],"version-history":[{"count":0,"href":"https:\/\/atacamas.cl\/atc\/wp-json\/wp\/v2\/posts\/676\/revisions"}],"wp:featuredmedia":[{"embeddable":true,"href":"https:\/\/atacamas.cl\/atc\/wp-json\/wp\/v2\/media\/677"}],"wp:attachment":[{"href":"https:\/\/atacamas.cl\/atc\/wp-json\/wp\/v2\/media?parent=676"}],"wp:term":[{"taxonomy":"category","embeddable":true,"href":"https:\/\/atacamas.cl\/atc\/wp-json\/wp\/v2\/categories?post=676"},{"taxonomy":"post_tag","embeddable":true,"href":"https:\/\/atacamas.cl\/atc\/wp-json\/wp\/v2\/tags?post=676"}],"curies":[{"name":"wp","href":"https:\/\/api.w.org\/{rel}","templated":true}]}}